{"id":1234,"date":"2010-03-01T21:48:57","date_gmt":"2010-03-02T00:48:57","guid":{"rendered":"http:\/\/sinaisdagente.com\/blog\/?p=1234"},"modified":"2010-03-10T16:45:01","modified_gmt":"2010-03-10T19:45:01","slug":"fotossintese-2","status":"publish","type":"post","link":"http:\/\/sinaisdagente.com\/blog\/?p=1234","title":{"rendered":"Fotoss\u00edntese 2."},"content":{"rendered":"<p><strong><em>[Entrevistas sobre a Amaz\u00f3nia Brasileira]<\/em><\/strong><\/p>\n<h5 style=\"text-align: justify;\"><em> <\/em><em>Quantos crimes ambientais cabem no Amazonas, para apenas cem homens?<\/em><\/h5>\n<h5 style=\"text-align: justify;\"><em>O Major Miguel Mouzinho Marinho nasceu em \u00d3bidos no Par\u00e1. \u00c9 respons\u00e1vel pelo Comando de Policiamento Ambiental da Pol\u00edcia Militar Ambiental do Amazonas: uma regi\u00e3o onde Portugal caberia, pelo menos, dez vezes. Tr\u00e1fico de droga, pesca ilegal, tr\u00e1fico de peixes ornamentais, desmatamento, tr\u00e1fico de pedras preciosas, extrac\u00e7\u00e3o ilegal de areia nas calhas do Rio Negro. <\/em><em>Quantos crimes ambientais cabem no Amazonas, para apenas cem homens?<\/em><\/h5>\n<p><em>Por Vanessa Rodrigues<\/em><\/p>\n<p><em><br \/>\n<\/em><\/p>\n<p style=\"text-align: justify;\"><strong>O que \u00e9 Amaz\u00f3nia?<\/strong><\/p>\n<p style=\"text-align: justify;\">\u00c9 esse mundo fant\u00e1stico que nos envolve com a sua biodiversidade, com o seu paisagismo, como diz o nosso ge\u00f3grafo [Aziz Nacib] Ab&#8217;Saber, com suas caracter\u00edsticas predominantes do bioma amaz\u00f3nico e com a cultura singular e diferenciada que caracteriza o caboclo, que \u00e9 o fruto de uma miscigena\u00e7\u00e3o de diversas ra\u00e7as, e de outros processos de ocupa\u00e7\u00e3o do espa\u00e7o territorial brasileiro. Para c\u00e1 vieram os nordestinos, fugidos da grande seca de 1970, iniciaram o processo de ocupa\u00e7\u00e3o da seringa; vieram os nossos antepassados: os portugueses, que ocuparam as calhas dos rios; veio uma pequena parcela de negros- j\u00e1 que a ocupa\u00e7\u00e3o negra foi pequena por aqui; e vieram outros segmentos de cultura \u00e1rabe, que se localizaram nas calhas dos rios Purus e Solim\u00f5es, na \u00e9poca da borracha. \u00c9 isso que caracteriza essa fant\u00e1stica regi\u00e3o com essa infinidade de comportamentos que caracterizam o homem amaz\u00f3nico.<\/p>\n<p style=\"text-align: justify;\"><strong>Quais s\u00e3o os problemas da Amaz\u00f3nia?<\/strong><\/p>\n<p style=\"text-align: justify;\">O estado do Amazonas \u00e9 muito grande. Aqui n\u00f3s temos problemas diferenciados, dependendo das \u00e9pocas de Ver\u00e3o ou Inverno. De Maio at\u00e9 Dezembro estruturamos-nos com os outros \u00f3rg\u00e3os [como o Ibama \u2013 Instituto Brasileiro de Meio Ambiente e dos Recursos Naturais] e fazemos opera\u00e7\u00f5es, no sul do amazonas, voltadas para o <strong>desmatamento,<\/strong> porque, nesta \u00e9poca, h\u00e1 uma press\u00e3o muito grande na fronteira agr\u00edcola nacional. Aqui na Amaz\u00f3nia \u00e9 onde existem as \u00faltimas terras virgens [do Brasil] com 98% de cobertura original.<\/p>\n<p style=\"text-align: justify;\">Depois, <strong>na fronteira da Col\u00f4mbia com o Peru temos problemas de tr\u00e1fico de peixes ornamentais, e uma <\/strong>quantidade pequena de contrabando de pescado, \u00a0principalmente de bagres amaz\u00f3nicos: piramutaba, piracatinga, sete barbas, dourado, filhote. Os pescadores da Col\u00f4mbia chegam \u00e0s popula\u00e7\u00f5es mais carentes, onde o estado e poder p\u00fablico s\u00e3o, na sua grande maioria, ausentes e estimulam que eles pesquem para eles essas esp\u00e9cies- Em troca recebem g\u00e9neros aliment\u00edcios (a\u00e7\u00facar, arroz, feij\u00e3o). Eles pegam nesse pescado e exportam, via Let\u00edcia: segue para para Bogot\u00e1 e de l\u00e1 para EUA e Europa.<\/p>\n<p style=\"text-align: justify;\">Tamb\u00e9m temos <strong>contrabando de pedras preciosas<\/strong> nessa calha do Rio Negro (e ainda o problema dos peixes ornamentais nos mun\u00edcipios de Barcelos, S\u00e3o Gabriel da Cachoeira, Santa Isabel de Rio Negro, Novo Air\u00e3o).<\/p>\n<p style=\"text-align: justify;\"><strong>Que pedras preciosas s\u00e3o essas?<\/strong><\/p>\n<p style=\"text-align: justify;\">Desde pedras radioactivas que s\u00e3o retiradas na regi\u00e3o do munic\u00edpio de S\u00e3o Gabriel da Cachoeira, at\u00e9 ouro. Aqui pr\u00f3ximo mais ao sul do rio Negro at\u00e9 Manaus, temos o problema de extrac\u00e7\u00e3o de areia e seixos, retirados por dragas, das calhas do rio. Parte \u00e9 autorizada pelo Ipam [Instituto de Pesquisa Ambiental da Amaz\u00f3nia]\u2013 \u00d3rg\u00e3o estadual do meio ambiente, desde que obedecendo aos requisitos legais: t\u00eam de ser feitos estudos de viabilidade, licen\u00e7as pr\u00e9vias, licen\u00e7as de instala\u00e7\u00e3o, etc.<\/p>\n<p style=\"text-align: justify;\"><strong> <\/strong><\/p>\n<p style=\"text-align: justify;\"><strong>&#8211; Que outros problemas existem?<\/strong><\/p>\n<p style=\"text-align: justify;\">J\u00e1 no Baixo Amazonas, na fronteira com o Par\u00e1, temos a <strong>Pesca Predat\u00f3ria, <\/strong>porque os barcos pesqueiros adentram na calha do Rio Amazonas e fazem uma explora\u00e7\u00e3o desordenada. Outra quest\u00e3o, \u00e9 da supress\u00e3o da floresta, nas \u00e1reas de Mau\u00e9s, Parintis e Juriti: h\u00e1 um desmatamento muito grande nessas \u00e1reas. H\u00e1 muita retirada de madeira, na regi\u00e3o do Rio Mau\u00e9s e atingindo at\u00e9 a Floresta Nacional do Pau Rosa.<\/p>\n<p style=\"text-align: justify;\">Hoje, na regi\u00e3o de Presidente Figueiredo a 100 km de Manaus, temos o problema de desmatamento, tamb\u00e9m. Participei, recentemente, numa opera\u00e7\u00e3o na regi\u00e3o e devido \u00e0 nova defini\u00e7\u00e3o da Terra Ind\u00edgena Raposa Serra do Sol foram retirados os ocupantes n\u00e3o ndios \u2013 que se movimentaram para a fronteira do Amazonas com o Roraima. H\u00e1, por ali, um desmatamento muito grande. O munic\u00edpio de Presidente Figueiredo no ano passado, depois do sul do amazonas, foi o que teve o maior \u00edndice de foco de inc\u00eandios. Estamos naquela fase de encontrar atrav\u00e9s do \u00f3rg\u00e3o territorial, junto com o IPAM quem pediu autoriza\u00e7\u00e3o daquela \u00e1rea, para podermos tomar medidas criminais.<\/p>\n<p style=\"text-align: justify;\">Depois, na regi\u00e3o do m\u00e9dio Solim\u00f5es, como Tef\u00e9, a quest\u00e3o da pesca predat\u00f3ria \u00e9 muito forte, para abastecer a exporta\u00e7\u00e3o e Manaus.<\/p>\n<p style=\"text-align: justify;\"><strong>Como \u00e9 que a Pol\u00edcia Militar Ambiental d\u00e1 conta de uma regi\u00e3o t\u00e3o vasta como o Amazonas?<\/strong><\/p>\n<p style=\"text-align: justify;\">Na verdade, tendo em conta a dimens\u00e3o do Amazonas, \u00e9 muito dif\u00edcil que o meu efectivo, com menos de 100 homens d\u00ea conta de todas as ac\u00e7\u00f5es. Procuramos juntar as for\u00e7as com outros organismos [como o Ibama e o Instituto Chico Mendes, que gere as unidades de conserva\u00e7\u00e3o.] Ainda assim, fazemos o monitoramento 24 horas no Parque Nacional do Ja\u00fa, na Reserva.<\/p>\n<p style=\"text-align: justify;\"><strong>Que tipos de actividades tem a Pol\u00edcia Militar Ambiental aqui na regi\u00e3o?<\/strong><\/p>\n<p style=\"text-align: justify;\">No m\u00eas de Outubro, por exemplo, houve uma grande apreens\u00e3o de peixes ornamentais &#8211; cerca de 200 mil unidades de diferentes esp\u00e9cies.<\/p>\n<p style=\"text-align: justify;\">Apreens\u00e3o de entorpecentes na calha do Rio Negro.<\/p>\n<p style=\"text-align: justify;\">E prendemos um traficante que era guerrilheiro das FARC.<\/p>\n<p style=\"text-align: justify;\">Junto com o Ibama apreendemos, no sul de amazonas, no munic\u00edpio de Apu\u00ed, mais de 15 mil metros c\u00fabicos de madeira e no Santo Ant\u00f3nio de Matupi, no km 180 da Rodovia Transamaz\u00f3nica (a BR 230).<\/p>\n<p style=\"text-align: justify;\">Na capital temos, ainda, muitas den\u00fancias de tr\u00e1fico de quel\u00f3nios e pesca de Pirarucu \u2013 protegido o ano todo e s\u00f3 pode ser comercializado em plano de manejo, que s\u00f3 existe em Fonte Boa e em Tef\u00e9.<\/p>\n<p style=\"text-align: justify;\">Depois, temos as actividades de educa\u00e7\u00e3o ambiental.<\/p>\n<p style=\"text-align: justify;\"><strong> <\/strong><\/p>\n<p style=\"text-align: justify;\"><strong>Que actividades s\u00e3o essas?<\/strong><\/p>\n<p style=\"text-align: justify;\">Nesse ano, dentro do programa de educa\u00e7\u00e3o ambiental conseguimos trabalhar com 600 crian\u00e7as, tentando ampliar a consci\u00eancia pelo meio ambiente. A preven\u00e7\u00e3o, o educar \u00e9 muito importante no geral, mas sobretudo nesta regi\u00e3o, que depende da forma como tratamos o meio ambiente: \u00e9 informar e esclarecer. At\u00e9 porque muitos dos infractores n\u00e3o t\u00eam informa\u00e7\u00e3o: as pessoas s\u00e3o reincidentes nos crimes. N\u00e3o entendem que \u00e9 errado. Numa popula\u00e7\u00e3o carente de tudo, a educa\u00e7\u00e3o ambiental \u00e9 uma ac\u00e7\u00e3o preventiva muito importante. O pol\u00edcia tem que ser parceiro.<\/p>\n<p style=\"text-align: justify;\"><strong>Que outras ac\u00e7\u00f5es poderiam evitar esses crimes ambientais?<\/strong><\/p>\n<p style=\"text-align: justify;\">Esbarramos no sistema de educacional brasileiro que \u00e9 transversal. N\u00e3o existe uma mat\u00e9ria espec\u00edfica de meio ambiente. Cada professor, dentro da sua disciplina deveria mostrar o que \u00e9 o meio ambiente: sua import\u00e2ncia e ac\u00e7\u00f5es de preserva\u00e7\u00e3o. S\u00f3 que nem todos s\u00e3o sens\u00edveis ao tema. Se a educa\u00e7\u00e3o do meio ambiente n\u00e3o come\u00e7a em casa, n\u00e3o surtir\u00e1 efeitos. A quest\u00e3o do meio ambiente est\u00e1 ligada directamente \u00e0 qualidade de vida. O sistema educacional deveria ter mais ac\u00e7\u00e3o.<\/p>\n<p style=\"text-align: justify;\"><strong>Fala-se da necessidade de criar uma esp\u00e9cie de identifica\u00e7\u00e3o para os moradores do Parque Nacional do Ja\u00fa. Porqu\u00ea?<\/strong><\/p>\n<p style=\"text-align: justify;\">Isso facilitaria a fiscaliza\u00e7\u00e3o da \u00e1rea, evitando crimes ambientais e ilegalidades, porque, na verdade, o morador n\u00e3o comete o crime. Quem os comete \u00e9 de fora e alicia os moradores. As actividades que o morador desenvolve nas comunidades s\u00e3o, no geral, de baixo impacto: as fam\u00edlias s\u00e3o pequenas, n\u00e3o t\u00eam porque desmatar grandes espa\u00e7os, o que eles fazem \u00e9 apenas para subsist\u00eancia, por isso, o impacto do desmatamento \u00e9 muito pequeno, ao contr\u00e1rio do latifundi\u00e1rio e do fazendeiro.<\/p>\n<p style=\"text-align: justify;\">A partir do momento em que h\u00e1 um cadastro, isso facilita a identifica\u00e7\u00e3o, at\u00e9 porque o vai chegar\u00a0 um est\u00e1gio em que os pol\u00edcias j\u00e1 v\u00e3o conhecer todos os comunit\u00e1rios, e ao abordar uma embarca\u00e7\u00e3o j\u00e1 vai identificar quem mora ali ou n\u00e3o. Os ribeirinhos v\u00e3o sentir-se mais valorizados. Quando foi criado o parque n\u00e3o foi feito um estudo e esqueceram que havia pessoas a morar na \u00e1rea \u2013 que \u00e9 hoje o maior parque do pa\u00eds.<\/p>\n<p style=\"text-align: justify;\">\n<p style=\"text-align: justify;\"><strong>Est\u00e3o a fazer-se muitos estudos por causa da pol\u00e9mica estrada que vai ligar Manaus a Porto Velho, na Rond\u00f4nia, e que vai \u201crasgar\u201d parte da floresta amaz\u00f3nica. <\/strong><\/p>\n<p style=\"text-align: justify;\">A quest\u00e3o do asfaltamento da BR-319 que vai ligar a cidade de Manaus com a cidade de Porto Velho est\u00e1 chamando a aten\u00e7\u00e3o dos \u00f3rg\u00e3os ambientais, porque ela <strong>vai cortar o cora\u00e7\u00e3o da floresta Amaz\u00f3nica<\/strong>. Em cima disso, h\u00e1 a <strong>press\u00e3o que vem da fronteira agr\u00edcola do norte do estado do mato grosso, por Rond\u00f4nia, que poder\u00e1 ser facilitada. <\/strong>Existem at\u00e9, estudos criando viabilidade que se fosse criada uma ferrovia o impacto seria menor.<\/p>\n<p style=\"text-align: justify;\">O desenvolvimento tem de chegar para a regi\u00e3o mas, ao mesmo tempo, a preserva\u00e7\u00e3o do meio ambiente tem de ter o seu papel. At\u00e9 que ponto o estado brasileiro vai conseguir manter essa protec\u00e7\u00e3o, tendo em vista que ocorrem interesses diversos, como econ\u00f3micos, que \u00e0s vezes prevalecem sobre os interesses de protec\u00e7\u00e3o e sobre os recursos naturais? Estamos participando desses estudos, sobre o que ser\u00e1 realmente feito. Se houver asfaltamento, vamos ter de proteg\u00ea-la. <strong>H\u00e1 j\u00e1 uma proposta de cria\u00e7\u00e3o de mosaico de unidades de conserva\u00e7\u00e3o nas laterais da rodovia de forma a proteger essas \u00e1reas.<\/strong> Vamos procurar preservar um pouco esse espa\u00e7o. Mas \u00e9 dif\u00edcil conseguir inibir o desenvolvimento.<\/p>\n<p style=\"text-align: justify;\"><strong>Como Manaus.<\/strong><\/p>\n<p style=\"text-align: justify;\">Podemos observar os impactos que Manaus teve, sobretudo, a partir da d\u00e9cada de 80. Hoje tem mais de um milh\u00e3o de habitantes. A regi\u00e3o da zona franca exerce um papel importante em preservar outros espa\u00e7os, mas at\u00e9 que ponto vamos conseguir preservar, quando o cora\u00e7\u00e3o da floresta vai ser cortado por uma rodovia.? Ent\u00e3o temos de estudar bastante, discutir e exercer a nossa cidadania sobre o que ser\u00e1 melhor.<\/p>\n<p style=\"text-align: justify;\"><strong>E o que \u00e9 melhor para a regi\u00e3o?<\/strong><\/p>\n<p style=\"text-align: justify;\">O nosso solo da Amaz\u00f3nia ele \u00e9 diferente de outras regi\u00f5es. \u00c9 um solo mais recente e muito fr\u00e1gil. A [camada de] liteira \u00e9 muito pequena. A floresta est\u00e1 no seu cl\u00edmax; ela n\u00e3o se desenvolve mais: uma supress\u00e3o \u00e9 muito dif\u00edcil, pois a sua recomposi\u00e7\u00e3o nunca ser\u00e1 poss\u00edvel em menos de 100 anos. Tudo isso deve ser levado em conta. A Amaz\u00f3nia n\u00e3o tem voca\u00e7\u00e3o para a pecu\u00e1ria, para a cultura de gr\u00e3os. O que se deve destacar \u00e9 o turismo, o ecoturismo e o extrativismo. Por isso, a partir da cria\u00e7\u00e3o de unidades de conserva\u00e7\u00e3o pode-se garantir esse bioma amaz\u00f3nico. \u00c9 um caminho.<\/p>\n<div class=\"linkwithin_hook\" id=\"http:\/\/sinaisdagente.com\/blog\/?p=1234\"><\/div><script>\n<!-- \/\/LinkWithinCodeStart\nvar linkwithin_site_id = 197359;\nvar linkwithin_div_class = \"linkwithin_hook\";\n\/\/LinkWithinCodeEnd -->\n<\/script>\n<script src=\"http:\/\/www.linkwithin.com\/widget.js\"><\/script>\n<a href=\"http:\/\/www.linkwithin.com\/\"><img decoding=\"async\" src=\"http:\/\/www.linkwithin.com\/pixel.png\" alt=\"Related Posts with Thumbnails\" style=\"border: 0\" \/><\/a><script type=\"text\/javascript\">AKPC_IDS += \"1234,\";<\/script>","protected":false},"excerpt":{"rendered":"<p>[Entrevistas sobre a Amaz\u00f3nia Brasileira] Quantos crimes ambientais cabem no Amazonas, para apenas cem homens? O Major Miguel Mouzinho Marinho nasceu em \u00d3bidos no Par\u00e1. \u00c9 respons\u00e1vel pelo Comando de Policiamento Ambiental da Pol\u00edcia Militar Ambiental do Amazonas: uma regi\u00e3o onde Portugal caberia, pelo menos, dez vezes. Tr\u00e1fico de droga, pesca ilegal, tr\u00e1fico de peixes [&hellip;]<\/p>\n<script>\n<!-- \/\/LinkWithinCodeStart\nvar linkwithin_site_id = 197359;\nvar linkwithin_div_class = \"linkwithin_hook\";\n\/\/LinkWithinCodeEnd -->\n<\/script>\n<script src=\"http:\/\/www.linkwithin.com\/widget.js\"><\/script>\n<a href=\"http:\/\/www.linkwithin.com\/\"><img decoding=\"async\" src=\"http:\/\/www.linkwithin.com\/pixel.png\" alt=\"Related Posts with Thumbnails\" style=\"border: 0\" \/><\/a>","protected":false},"author":1,"featured_media":0,"comment_status":"open","ping_status":"open","sticky":false,"template":"","format":"standard","meta":{"footnotes":""},"categories":[8],"tags":[115,227,225,226,222,213,182,224,223],"_links":{"self":[{"href":"http:\/\/sinaisdagente.com\/blog\/index.php?rest_route=\/wp\/v2\/posts\/1234"}],"collection":[{"href":"http:\/\/sinaisdagente.com\/blog\/index.php?rest_route=\/wp\/v2\/posts"}],"about":[{"href":"http:\/\/sinaisdagente.com\/blog\/index.php?rest_route=\/wp\/v2\/types\/post"}],"author":[{"embeddable":true,"href":"http:\/\/sinaisdagente.com\/blog\/index.php?rest_route=\/wp\/v2\/users\/1"}],"replies":[{"embeddable":true,"href":"http:\/\/sinaisdagente.com\/blog\/index.php?rest_route=%2Fwp%2Fv2%2Fcomments&post=1234"}],"version-history":[{"count":6,"href":"http:\/\/sinaisdagente.com\/blog\/index.php?rest_route=\/wp\/v2\/posts\/1234\/revisions"}],"predecessor-version":[{"id":1278,"href":"http:\/\/sinaisdagente.com\/blog\/index.php?rest_route=\/wp\/v2\/posts\/1234\/revisions\/1278"}],"wp:attachment":[{"href":"http:\/\/sinaisdagente.com\/blog\/index.php?rest_route=%2Fwp%2Fv2%2Fmedia&parent=1234"}],"wp:term":[{"taxonomy":"category","embeddable":true,"href":"http:\/\/sinaisdagente.com\/blog\/index.php?rest_route=%2Fwp%2Fv2%2Fcategories&post=1234"},{"taxonomy":"post_tag","embeddable":true,"href":"http:\/\/sinaisdagente.com\/blog\/index.php?rest_route=%2Fwp%2Fv2%2Ftags&post=1234"}],"curies":[{"name":"wp","href":"https:\/\/api.w.org\/{rel}","templated":true}]}}