{"id":1125,"date":"2010-01-26T11:44:28","date_gmt":"2010-01-26T14:44:28","guid":{"rendered":"http:\/\/sinaisdagente.com\/blog\/?p=1125"},"modified":"2010-03-01T21:51:45","modified_gmt":"2010-03-02T00:51:45","slug":"fotossintese1","status":"publish","type":"post","link":"http:\/\/sinaisdagente.com\/blog\/?p=1125","title":{"rendered":"Fotoss\u00edntese.1"},"content":{"rendered":"<p><strong><em>[Entrevistas sobre a Amaz\u00f3nia Brasileira]<\/em><\/strong><\/p>\n<h5><em>O manauara Marco Lima \u00e9 pesquisador em Ictiologia Amaz\u00f3nica, guia naturalista e filho da Amaz\u00f3nia. Anda preocupado com o impacto que a constru\u00e7\u00e3o da nova ponte, que ligar\u00e1 Manaus a Iranduba, sobre o Rio Negro, ter\u00e1 no ciclo dos peixes amaz\u00f3nicos . Fala em falta de preserva\u00e7\u00e3o, falta de pol\u00edticas e falta de consenso sobre como deve ser gerida a biodiversidade num lugar onde, afinal, parece, n\u00e3o falta nada.<\/em><\/h5>\n<p><em>Por Vanessa Rodrigues<br \/>\n<\/em><\/p>\n<p style=\"text-align: justify;\"><strong><a href=\"http:\/\/sinaisdagente.com\/blog\/wp-content\/uploads\/MarcoLima1.JPG\"><img loading=\"lazy\" decoding=\"async\" class=\"alignleft size-full wp-image-1143\" title=\"MarcoLima\" src=\"http:\/\/sinaisdagente.com\/blog\/wp-content\/uploads\/MarcoLima1.JPG\" alt=\"MarcoLima\" width=\"200\" height=\"120\" \/><\/a><br \/>\n&#8211; O que tem a Amaz\u00f3nia de t\u00e3o especial?<\/strong>\n<\/p>\n<p style=\"text-align: justify;\">\u00c9 a grande caixa de pandora que a Cria\u00e7\u00e3o nos guardou para descobrirmos agora no s\u00e9c. XXI, que \u00e9 a maior zona de Biodiversidade desconhecida do planeta. N\u00e3o \u00e9 apenas uma imensa floresta, mas uma floresta cheia de belas surpresas, para usufruto do ser humano, e que deve ser preservado para as pr\u00f3ximas gera\u00e7\u00f5es.<\/p>\n<p style=\"text-align: justify;\"><strong>&#8211; De sua experi\u00eancia, o que precisa ser feito para preserv\u00e1-la?<\/strong><\/p>\n<p style=\"text-align: justify;\">Reconhecer o direito das pessoas que j\u00e1 habitam a regi\u00e3o e, a partir de agora, criar pol\u00edticas para preserv\u00e1-la, beneficiando essas pessoas: quer seja \u00cdndio, caboclo ou o imigrante que hoje planta a soja, pois eles j\u00e1 moram na Amaz\u00f3nia e conhecem-na como ningu\u00e9m. E, depois, que o Governo Brasileiro crie condi\u00e7\u00f5es e lhes d\u00ea oportunidade para o acesso \u00e0 educa\u00e7\u00e3o, com seus direitos e deveres, como popula\u00e7\u00f5es tradicionais.<\/p>\n<p style=\"text-align: justify;\">&#8211; <strong>Qual a experi\u00eancia que mais o marcou na regi\u00e3o?<\/strong><\/p>\n<p style=\"text-align: justify;\">Quando jovem fui visitar uma Aldeia Yanomami, em Roraima. Esses \u00edndios tinham muito pouco contato com os Brancos. Isso foi em meados dos anos 80. Recordo um epis\u00f3dio em que, ap\u00f3s ter comido, dei o meu prato de comida a um chefe yanomami. Chamou-o \u00e0 aten\u00e7\u00e3o uma simples colher de alum\u00ednio &#8211; como se fosse um produto de alta tecnologia; como n\u00f3s nos impressionamos ao ver um telem\u00f3vel ou um computador de \u00faltima gera\u00e7\u00e3o. Isso marcou-me muito. Esses \u00edndios foram quase que massacrados pelas invas\u00f5es garimpeiras, nessa \u00e9poca.<\/p>\n<p style=\"text-align: justify;\"><strong>&#8211; Qual a import\u00e2ncia de suas pesquisas para a Amaz\u00f4nia?<\/strong><\/p>\n<p style=\"text-align: justify;\">Eu fa\u00e7o avalia\u00e7\u00f5es do impacto das queimadas, seja elas feitas por brancos ou por \u00edndios na vida da IctioFauna (Peixes) e seus impactos na reprodu\u00e7\u00e3o dos peixes. Temos descoberto coisas bem negativas e de como isso est\u00e1 a ter um forte impacto na vida dos peixes.<br \/>\n<strong> <\/strong>\n<\/p>\n<p style=\"text-align: justify;\"><strong>&#8211; Por que \u00e9 que a ponte que est\u00e3o construindo em Manaus vai ter tanto impacto na vida dos peixes?<\/strong><\/p>\n<p style=\"text-align: justify;\">Como o ar, vento e chuva muda a rotina di\u00e1ria dos seres humanos, isso tamb\u00e9m ocorre com os peixes quando h\u00e1 mudan\u00e7a de correnteza. Os nossos grandes bagres migradores, que atingem mais de\u00a03 metros, pesando acima de 250 quilos, poder\u00e3o ter, com essa ponte, o seu ecossistema alterado, na subida do Rio Negro, pois eles na sua longa viagem anual pelos principais rios da Amaz\u00f3nia nunca haviam encontrado essa mudan\u00e7a. \u00a0Por mais absurda que possa parecer, a nossa natureza \u00e9 muito desconhecida e os seus \u201ch\u00e1bitos\u201d s\u00e3o extremamente delicados. N\u00e3o aguentam certas mudan\u00e7as, como se j\u00e1 n\u00e3o bastassem as Hidroeletricas do Madeira e essa nova corrida log\u00edstica expansionista, pois onde elas chegam vem, tamb\u00e9m, o efeito cupim, fr destrui\u00e7\u00e3o lenta, por\u00e9m de grande impacto.<\/p>\n<p style=\"text-align: justify;\"><strong>&#8211; O que voc\u00ea est\u00e1 fazendo pela Amaz\u00f3nia?<\/strong><\/p>\n<p style=\"text-align: justify;\">Tenho feito trabalhos para varias organiza\u00e7\u00f5es entre elas para a Uni\u00e3o Europeia, no Fundo Amaz\u00f4nia, fazendo levantamentos sobre devasta\u00e7\u00e3o em \u00e1reas alagadas, pois na Amaz\u00f4nia chega a alagar anualmente uma \u00e1rea com o tamanho de Espanha nos per\u00edodo de Dez a Junho. Fa\u00e7o parte, ainda, da \u201cFunda\u00e7\u00e3o Floresta Viva\u201d, levando consci\u00eancia e educa\u00e7\u00e3o\u00a0ambiental \u00c0s popula\u00e7\u00f5es ribeirinhas; e auxilio a BBC e a National Geograpic em seus programas em \u00e1reas isoladas da Amaz\u00f3nia.<\/p>\n<p style=\"text-align: justify;\"><strong>&#8211; Hist\u00f3rias de sua passagem na regi\u00e3o?<\/strong><\/p>\n<p style=\"text-align: justify;\">O que sempre\u00a0me chamou a aten\u00e7\u00e3o foi o respeito que, no fundo, as pessoas t\u00eam pela selva; quer seja um madeireiro que todos os dias corta as \u00e1rvores, ou um pescador que mata um gigante Pirarucu, na \u00e9poca em que ele est\u00e1 protegido. Podem, no entanto, escrever muita coisa sobre a Amaz\u00f3nia vivendo nela, dormindo e acordando aqui, respirando esse ar, mas faltar\u00e1 sempre papel para escrever o que vivemos e sentimos na Amaz\u00f3nia.<\/p>\n<p style=\"text-align: justify;\"><strong>&#8211; Quais s\u00e3o os maiores problemas da Amaz\u00f3nia?<\/strong><\/p>\n<p style=\"text-align: justify;\">A falta de compromisso que todos t\u00eam para com ela, sobretudo quem dela e nela vive; a falta de pol\u00edticas de todos os governos. Os \u00fanicos, realmente empenhados em preserv\u00e1-la s\u00e3o os Militares \u00a0&#8211; que\u00a0\u00a0cometeram muitos erros \u00a0no passado, mas hoje t\u00eam uma forte miss\u00e3o em preserv\u00e1-la num Brasil sem tecnologia. Eles constru\u00edram a Transamazonica que fez 40 anos em 2009. A Amaz\u00f3nia precisa de um Minist\u00e9rio de investimentos, de aten\u00e7\u00e3o espec\u00edfica, pois todo o mal est\u00e1 \u00e0 porta: o narcotr\u00e1fico, a minera\u00e7\u00e3o ilegal, a Biopirataria. Precisamos de Governo na regi\u00e3o, pois com ele se aplica a lei, e os direitos s\u00e3o garantidos. A Amaz\u00f3nia \u00e9 um patrim\u00f3nio do mundo que o Brasil foi sorteado para zelar.<\/p>\n<div class=\"linkwithin_hook\" id=\"http:\/\/sinaisdagente.com\/blog\/?p=1125\"><\/div><script>\n<!-- \/\/LinkWithinCodeStart\nvar linkwithin_site_id = 197359;\nvar linkwithin_div_class = \"linkwithin_hook\";\n\/\/LinkWithinCodeEnd -->\n<\/script>\n<script src=\"http:\/\/www.linkwithin.com\/widget.js\"><\/script>\n<a href=\"http:\/\/www.linkwithin.com\/\"><img decoding=\"async\" src=\"http:\/\/www.linkwithin.com\/pixel.png\" alt=\"Related Posts with Thumbnails\" style=\"border: 0\" \/><\/a><script type=\"text\/javascript\">AKPC_IDS += \"1125,\";<\/script>","protected":false},"excerpt":{"rendered":"<p>[Entrevistas sobre a Amaz\u00f3nia Brasileira] O manauara Marco Lima \u00e9 pesquisador em Ictiologia Amaz\u00f3nica, guia naturalista e filho da Amaz\u00f3nia. Anda preocupado com o impacto que a constru\u00e7\u00e3o da nova ponte, que ligar\u00e1 Manaus a Iranduba, sobre o Rio Negro, ter\u00e1 no ciclo dos peixes amaz\u00f3nicos . Fala em falta de preserva\u00e7\u00e3o, falta de pol\u00edticas [&hellip;]<\/p>\n<script>\n<!-- \/\/LinkWithinCodeStart\nvar linkwithin_site_id = 197359;\nvar linkwithin_div_class = \"linkwithin_hook\";\n\/\/LinkWithinCodeEnd -->\n<\/script>\n<script src=\"http:\/\/www.linkwithin.com\/widget.js\"><\/script>\n<a href=\"http:\/\/www.linkwithin.com\/\"><img decoding=\"async\" src=\"http:\/\/www.linkwithin.com\/pixel.png\" alt=\"Related Posts with Thumbnails\" style=\"border: 0\" \/><\/a>","protected":false},"author":1,"featured_media":0,"comment_status":"open","ping_status":"open","sticky":false,"template":"","format":"standard","meta":{"footnotes":""},"categories":[8],"tags":[214,212,173,155,211,213],"_links":{"self":[{"href":"http:\/\/sinaisdagente.com\/blog\/index.php?rest_route=\/wp\/v2\/posts\/1125"}],"collection":[{"href":"http:\/\/sinaisdagente.com\/blog\/index.php?rest_route=\/wp\/v2\/posts"}],"about":[{"href":"http:\/\/sinaisdagente.com\/blog\/index.php?rest_route=\/wp\/v2\/types\/post"}],"author":[{"embeddable":true,"href":"http:\/\/sinaisdagente.com\/blog\/index.php?rest_route=\/wp\/v2\/users\/1"}],"replies":[{"embeddable":true,"href":"http:\/\/sinaisdagente.com\/blog\/index.php?rest_route=%2Fwp%2Fv2%2Fcomments&post=1125"}],"version-history":[{"count":20,"href":"http:\/\/sinaisdagente.com\/blog\/index.php?rest_route=\/wp\/v2\/posts\/1125\/revisions"}],"predecessor-version":[{"id":1135,"href":"http:\/\/sinaisdagente.com\/blog\/index.php?rest_route=\/wp\/v2\/posts\/1125\/revisions\/1135"}],"wp:attachment":[{"href":"http:\/\/sinaisdagente.com\/blog\/index.php?rest_route=%2Fwp%2Fv2%2Fmedia&parent=1125"}],"wp:term":[{"taxonomy":"category","embeddable":true,"href":"http:\/\/sinaisdagente.com\/blog\/index.php?rest_route=%2Fwp%2Fv2%2Fcategories&post=1125"},{"taxonomy":"post_tag","embeddable":true,"href":"http:\/\/sinaisdagente.com\/blog\/index.php?rest_route=%2Fwp%2Fv2%2Ftags&post=1125"}],"curies":[{"name":"wp","href":"https:\/\/api.w.org\/{rel}","templated":true}]}}