{"id":1094,"date":"2010-01-25T11:27:22","date_gmt":"2010-01-25T14:27:22","guid":{"rendered":"http:\/\/sinaisdagente.com\/blog\/?p=1094"},"modified":"2010-01-25T12:49:53","modified_gmt":"2010-01-25T15:49:53","slug":"amazonia-polui","status":"publish","type":"post","link":"http:\/\/sinaisdagente.com\/blog\/?p=1094","title":{"rendered":"Amaz\u00f3nia polui"},"content":{"rendered":"<p><a href=\"http:\/\/dn.sapo.pt\/inicio\/globo\/interior.aspx?content_id=1477498&amp;seccao=CPLP\">Publicado no DN, 24 de Jan&#8217; 2010<\/a><\/p>\n<p><span id=\"ctl00_ctl00_bcr_maincontent_ThisContent\"> <\/span><\/p>\n<h2><a href=\"http:\/\/sinaisdagente.com\/blog\/wp-content\/uploads\/fabrasil.jpg\"><img loading=\"lazy\" decoding=\"async\" class=\"alignleft size-full wp-image-1122\" title=\"fabrasil\" src=\"http:\/\/sinaisdagente.com\/blog\/wp-content\/uploads\/fabrasil.jpg\" alt=\"fabrasil\" width=\"200\" height=\"120\" \/><\/a><span id=\"NewsTitle\">Amaz\u00f3nia, o &#8216;pulm\u00e3o do mundo&#8217;, \u00e9 tamb\u00e9m o para\u00edso que mais polui<\/span><\/h2>\n<p><em><span>Por Vanessa Rodrigues, em Manaus<\/span><\/em><\/p>\n<p><span id=\"ctl00_ctl00_bcr_maincontent_ThisContent\"> <\/span><\/p>\n<p style=\"text-align: justify;\">Se n\u00e3o se ouvisse este barulho, ensurdecedor e cont\u00ednuo, de um motor que parece querer roncar, mas n\u00e3o chega a faz\u00ea-lo, a comunidade Novo C\u00e9u, a cinco horas de Manaus, estaria no breu, quando a noite cai. S\u00e3o dois geradores a funcionar o dia todo, a desafiar a lei do ru\u00eddo, que saem da termoel\u00e9ctrica para garantir que haver\u00e1 televis\u00e3o, frigor\u00edfico e luz em todas as casas, por ali, durante todo o dia.<\/p>\n<p style=\"text-align: justify;\">Para as centenas de fam\u00edlias que ali vivem, a luz trouxe &#8220;o progresso&#8221;, a cerveja &#8220;gelada&#8221;, os congelados e, sobretudo, a telenovela. H\u00e1, ainda, centenas de outras comunidades, algumas a dias de viagem das cidades mais pr\u00f3ximas, ao longo da Amaz\u00f3nia, que, ou racionam a energia dos geradores ou nem sequer sabem o que \u00e9 ter luz.<\/p>\n<p style=\"text-align: justify;\">S\u00f3 que a conta ambiental que se paga pela electricidade na regi\u00e3o, vinda das termoel\u00e9ctricas, \u00e9 demasiado alta para a Amaz\u00f3nia, para o Brasil, e beneficia um propalado aquecimento global: os geradores das termoel\u00e9ctricas usam gas\u00f3leo. Aquele fumo espesso, escuro; aquele cheiro azedo a queimado: mais de seis milh\u00f5es de toneladas de di\u00f3xido de carbono s\u00e3o despejados pelas cerca de 300 centrais termoel\u00e9ctricas que d\u00e3o luz a sete estados da Amaz\u00f3nia. S\u00e3o estes n\u00fameros, menos conhecidos, al\u00e9m do desmatamento, que engrossam a conta do Brasil como o quinto maior poluidor do mundo.<\/p>\n<p style=\"text-align: justify;\">A floresta amaz\u00f3nica \u00e9 considerada um dos &#8220;pulm\u00f5es do mundo&#8221;, um laborat\u00f3rio de biodiversidade; com caracter\u00edsticas geogr\u00e1ficas peculiares, um para\u00edso ambiental. S\u00f3 que \u00e9, tamb\u00e9m, uma das regi\u00f5es mais poluentes, que n\u00e3o produz gas\u00f3leo para alimentar as termoel\u00e9ctricas de que dependem milhares de fam\u00edlias. Imagine-se um labirinto de rios e afluentes e tem-se uma ideia do que \u00e9 a Amaz\u00f3nia. Ent\u00e3o, como consegue chegar esse derivado de petr\u00f3leo?<\/p>\n<p style=\"text-align: justify;\">O rio Amazonas \u00e9 rio-mar, extenso, profundo, por isso, mensalmente, conseguem atracar, em Manaus, pelo menos cinco petroleiros carregados de 180 milh\u00f5es de litros de gas\u00f3leo para as abastecer. De onde v\u00eam? Percorrem mais de seis mil quil\u00f3metros, em 15 dias (na melhor das hip\u00f3teses porque a oscila\u00e7\u00e3o de cheias e secas dos rios pode tornar a viagem num p\u00e9riplo desgastante) do Sudeste brasileiro at\u00e9 Manaus, numa opera\u00e7\u00e3o que custa cerca de quatro milh\u00f5es de euros, por m\u00eas. \u00c0s vezes, tamb\u00e9m, \u00e9 importado da Venezuela, Coreia do Sul, \u00cdndia e EUA.<\/p>\n<p style=\"text-align: justify;\">De Manaus, o petr\u00f3leo segue para outras regi\u00f5es em cami\u00f5es e barcos. H\u00e1 trajectos pesados e morosos, como o que vai at\u00e9 Cruzeiro do Sul, no Acre, em 25 dias, e que tem mais quatro mil quil\u00f3metros de viagem de barco pelos rios sinuosos da regi\u00e3o. As condi\u00e7\u00f5es chegam a ser adversas e contraproducentes: dependendo do destino do petr\u00f3leo pode chegar a gastar-se dois litros de combust\u00edvel para transportar cada litro que vai alimentar a termoel\u00e9ctrica. A viagem \u00e9 longa, cara, criou j\u00e1 uma depend\u00eancia e a maioria dos moradores da Amaz\u00f3nia precisa racionar a energia, por si tamb\u00e9m, onerosa, para ter luz o m\u00eas todo.<\/p>\n<p style=\"text-align: justify;\">S\u00f3 que se n\u00e3o for o barulho ensurdecedor do gerador, com esse cheiro a gas\u00f3leo queimado, n\u00e3o haver\u00e1 luz na Amaz\u00f3nia. Dizem os especialistas que \u00e9 &#8220;dif\u00edcil&#8221; mudar o cen\u00e1rio. A densa floresta galgada por rios muito largos torna &#8220;imposs\u00edvel&#8221; instalar linhas de distribui\u00e7\u00e3o; h\u00e1 pouco vento para e\u00f3licas e os projectos de energia solar, a energia limpa mais vi\u00e1vel para a regi\u00e3o, n\u00e3o saem do papel.<\/p>\n<div id=\"_mcePaste\" style=\"overflow: hidden; position: absolute; left: -10000px; top: 0px; width: 1px; height: 1px;\">\n<h2><span id=\"NewsTitle\">Amaz\u00f3nia, o &#8216;pulm\u00e3o do mundo&#8217;, \u00e9 tamb\u00e9m o para\u00edso que mais polui<\/span><\/h2>\n<\/div>\n<div class=\"linkwithin_hook\" id=\"http:\/\/sinaisdagente.com\/blog\/?p=1094\"><\/div><script>\n<!-- \/\/LinkWithinCodeStart\nvar linkwithin_site_id = 197359;\nvar linkwithin_div_class = \"linkwithin_hook\";\n\/\/LinkWithinCodeEnd -->\n<\/script>\n<script src=\"http:\/\/www.linkwithin.com\/widget.js\"><\/script>\n<a href=\"http:\/\/www.linkwithin.com\/\"><img decoding=\"async\" src=\"http:\/\/www.linkwithin.com\/pixel.png\" alt=\"Related Posts with Thumbnails\" style=\"border: 0\" \/><\/a><script type=\"text\/javascript\">AKPC_IDS += \"1094,\";<\/script>","protected":false},"excerpt":{"rendered":"<p>Publicado no DN, 24 de Jan&#8217; 2010 Amaz\u00f3nia, o &#8216;pulm\u00e3o do mundo&#8217;, \u00e9 tamb\u00e9m o para\u00edso que mais polui Por Vanessa Rodrigues, em Manaus Se n\u00e3o se ouvisse este barulho, ensurdecedor e cont\u00ednuo, de um motor que parece querer roncar, mas n\u00e3o chega a faz\u00ea-lo, a comunidade Novo C\u00e9u, a cinco horas de Manaus, estaria [&hellip;]<\/p>\n<script>\n<!-- \/\/LinkWithinCodeStart\nvar linkwithin_site_id = 197359;\nvar linkwithin_div_class = \"linkwithin_hook\";\n\/\/LinkWithinCodeEnd -->\n<\/script>\n<script src=\"http:\/\/www.linkwithin.com\/widget.js\"><\/script>\n<a href=\"http:\/\/www.linkwithin.com\/\"><img decoding=\"async\" src=\"http:\/\/www.linkwithin.com\/pixel.png\" alt=\"Related Posts with Thumbnails\" style=\"border: 0\" \/><\/a>","protected":false},"author":1,"featured_media":0,"comment_status":"open","ping_status":"open","sticky":false,"template":"","format":"standard","meta":{"footnotes":""},"categories":[9],"tags":[198,195,200,155,162,199,194,197,196],"_links":{"self":[{"href":"http:\/\/sinaisdagente.com\/blog\/index.php?rest_route=\/wp\/v2\/posts\/1094"}],"collection":[{"href":"http:\/\/sinaisdagente.com\/blog\/index.php?rest_route=\/wp\/v2\/posts"}],"about":[{"href":"http:\/\/sinaisdagente.com\/blog\/index.php?rest_route=\/wp\/v2\/types\/post"}],"author":[{"embeddable":true,"href":"http:\/\/sinaisdagente.com\/blog\/index.php?rest_route=\/wp\/v2\/users\/1"}],"replies":[{"embeddable":true,"href":"http:\/\/sinaisdagente.com\/blog\/index.php?rest_route=%2Fwp%2Fv2%2Fcomments&post=1094"}],"version-history":[{"count":5,"href":"http:\/\/sinaisdagente.com\/blog\/index.php?rest_route=\/wp\/v2\/posts\/1094\/revisions"}],"predecessor-version":[{"id":1121,"href":"http:\/\/sinaisdagente.com\/blog\/index.php?rest_route=\/wp\/v2\/posts\/1094\/revisions\/1121"}],"wp:attachment":[{"href":"http:\/\/sinaisdagente.com\/blog\/index.php?rest_route=%2Fwp%2Fv2%2Fmedia&parent=1094"}],"wp:term":[{"taxonomy":"category","embeddable":true,"href":"http:\/\/sinaisdagente.com\/blog\/index.php?rest_route=%2Fwp%2Fv2%2Fcategories&post=1094"},{"taxonomy":"post_tag","embeddable":true,"href":"http:\/\/sinaisdagente.com\/blog\/index.php?rest_route=%2Fwp%2Fv2%2Ftags&post=1094"}],"curies":[{"name":"wp","href":"https:\/\/api.w.org\/{rel}","templated":true}]}}